{"id":112,"name":"Maite Cancelo","url":"","description":"Profesora titular de Econom\u00eda Aplicada de la Universidad de Santiago de Compostela y directora del Departamento de Econom\u00eda Cuantitativa. Anteriormente fue decana de la Facultad de CC. Econ\u00f3micas y Empresariales de esta misma facultad. Es vocal de la Junta de Gobierno del Colegio de Economistas de A Coru\u00f1a y en el Consello Galego de Estat\u00edstica.","link":"https:\/\/www.monempresarial.com\/ca\/author\/mcancelo\/","slug":"mcancelo","avatar_urls":{"24":"https:\/\/secure.gravatar.com\/avatar\/8ce0547e1c83b7740b2322e01b846f59?s=24&d=blank&r=g","48":"https:\/\/secure.gravatar.com\/avatar\/8ce0547e1c83b7740b2322e01b846f59?s=48&d=blank&r=g","96":"https:\/\/secure.gravatar.com\/avatar\/8ce0547e1c83b7740b2322e01b846f59?s=96&d=blank&r=g"},"meta":[],"is_super_admin":false,"woocommerce_meta":{"variable_product_tour_shown":"","activity_panel_inbox_last_read":"","activity_panel_reviews_last_read":"","categories_report_columns":"","coupons_report_columns":"","customers_report_columns":"","orders_report_columns":"","products_report_columns":"","revenue_report_columns":"","taxes_report_columns":"","variations_report_columns":"","dashboard_sections":"","dashboard_chart_type":"","dashboard_chart_interval":"","dashboard_leaderboard_rows":"","homepage_layout":"","homepage_stats":"","task_list_tracked_started_tasks":"","help_panel_highlight_shown":"","android_app_banner_dismissed":""},"_links":{"self":[{"href":"https:\/\/www.monempresarial.com\/ca\/wp-json\/wp\/v2\/users\/112"}],"collection":[{"href":"https:\/\/www.monempresarial.com\/ca\/wp-json\/wp\/v2\/users"}]}}