{"id":134,"name":"Adri\u00e0 Gratac\u00f3s","url":"http:\/\/Torras","description":"Graduado en periodismo por la Universidad Aut\u00f3noma de Barcelona. Estudios de posgrado en comunicaci\u00f3n pol\u00edtica y econom\u00eda social y solidaria. Periodista especializado en econom\u00eda y comunicaci\u00f3n social. Colabora como redactor y coordinador de contenidos con Mundo Editorial.","link":"https:\/\/www.monempresarial.com\/ca\/author\/agratacos\/","slug":"agratacos","avatar_urls":{"24":"https:\/\/secure.gravatar.com\/avatar\/a0b27828a9b9f9a8d51b5955dce95a4c?s=24&d=blank&r=g","48":"https:\/\/secure.gravatar.com\/avatar\/a0b27828a9b9f9a8d51b5955dce95a4c?s=48&d=blank&r=g","96":"https:\/\/secure.gravatar.com\/avatar\/a0b27828a9b9f9a8d51b5955dce95a4c?s=96&d=blank&r=g"},"meta":[],"is_super_admin":false,"woocommerce_meta":{"variable_product_tour_shown":"","activity_panel_inbox_last_read":"","activity_panel_reviews_last_read":"","categories_report_columns":"","coupons_report_columns":"","customers_report_columns":"","orders_report_columns":"","products_report_columns":"","revenue_report_columns":"","taxes_report_columns":"","variations_report_columns":"","dashboard_sections":"","dashboard_chart_type":"","dashboard_chart_interval":"","dashboard_leaderboard_rows":"","homepage_layout":"","homepage_stats":"","task_list_tracked_started_tasks":"","help_panel_highlight_shown":"","android_app_banner_dismissed":""},"_links":{"self":[{"href":"https:\/\/www.monempresarial.com\/ca\/wp-json\/wp\/v2\/users\/134"}],"collection":[{"href":"https:\/\/www.monempresarial.com\/ca\/wp-json\/wp\/v2\/users"}]}}