{"id":154,"name":"Llu\u00eds Torner","url":"","description":"Catedr\u00e1tico de la UPC y director fundador del Instituto de Ciencias Fot\u00f3nicas (ICFO). Ha recibido el Premio Nacional de Investigaci\u00f3n de Catalu\u00f1a y el Premio de Liderazgo Mundial de la Optical Society of America.","link":"https:\/\/www.monempresarial.com\/ca\/author\/lltorner\/","slug":"lltorner","avatar_urls":{"24":"https:\/\/secure.gravatar.com\/avatar\/6d7cabcbdd10cb4495896ee980ee4356?s=24&d=blank&r=g","48":"https:\/\/secure.gravatar.com\/avatar\/6d7cabcbdd10cb4495896ee980ee4356?s=48&d=blank&r=g","96":"https:\/\/secure.gravatar.com\/avatar\/6d7cabcbdd10cb4495896ee980ee4356?s=96&d=blank&r=g"},"meta":[],"is_super_admin":false,"woocommerce_meta":{"variable_product_tour_shown":"","activity_panel_inbox_last_read":"","activity_panel_reviews_last_read":"","categories_report_columns":"","coupons_report_columns":"","customers_report_columns":"","orders_report_columns":"","products_report_columns":"","revenue_report_columns":"","taxes_report_columns":"","variations_report_columns":"","dashboard_sections":"","dashboard_chart_type":"","dashboard_chart_interval":"","dashboard_leaderboard_rows":"","homepage_layout":"","homepage_stats":"","task_list_tracked_started_tasks":"","help_panel_highlight_shown":"","android_app_banner_dismissed":""},"_links":{"self":[{"href":"https:\/\/www.monempresarial.com\/ca\/wp-json\/wp\/v2\/users\/154"}],"collection":[{"href":"https:\/\/www.monempresarial.com\/ca\/wp-json\/wp\/v2\/users"}]}}