{"id":155,"name":"Montserrat Gu\u00e0rdia G\u00fcell","url":"","description":"Chief People &amp; Culture Officer de IDEADED. Presidenta del Consejo Social de la UPC. Cofundadora de Big Onion, cofundadora de la fundaci\u00f3n ELLIS Alicante, miembro del patronato de la Fundaci\u00f3n para la Visualizaci\u00f3n y la Transparencia (ViT), y miembro del Consejo Asesor del Centre of Innovation for Data Tech and Artificial Intelligence (CIDAI), del Observatorio de \u00c9tica en Inteligencia Artificial de Catalu\u00f1a (OEIAC), de Suara, de AMETIC y de LocalRet. Ha sido directora de Estrategia y del programa Digital Future Society de Mobile World Capital Barcelona, adem\u00e1s de cofundadora, vicepresidenta y directora general del consorcio Alastria. Tambi\u00e9n ha sido responsable de los servicios de Tecnolog\u00eda de la Informaci\u00f3n y Comunicaci\u00f3n en cuatro Juegos Ol\u00edmpicos, en los Juegos Panamericanos, as\u00ed como en varios campeonatos del mundo y cumbres de la ONU.","link":"https:\/\/www.monempresarial.com\/ca\/author\/mguardia\/","slug":"mguardia","avatar_urls":{"24":"https:\/\/secure.gravatar.com\/avatar\/0040bf4a41fa0338e8915075e59dfbde?s=24&d=blank&r=g","48":"https:\/\/secure.gravatar.com\/avatar\/0040bf4a41fa0338e8915075e59dfbde?s=48&d=blank&r=g","96":"https:\/\/secure.gravatar.com\/avatar\/0040bf4a41fa0338e8915075e59dfbde?s=96&d=blank&r=g"},"meta":[],"is_super_admin":false,"woocommerce_meta":{"variable_product_tour_shown":"","activity_panel_inbox_last_read":"","activity_panel_reviews_last_read":"","categories_report_columns":"","coupons_report_columns":"","customers_report_columns":"","orders_report_columns":"","products_report_columns":"","revenue_report_columns":"","taxes_report_columns":"","variations_report_columns":"","dashboard_sections":"","dashboard_chart_type":"","dashboard_chart_interval":"","dashboard_leaderboard_rows":"","homepage_layout":"","homepage_stats":"","task_list_tracked_started_tasks":"","help_panel_highlight_shown":"","android_app_banner_dismissed":""},"_links":{"self":[{"href":"https:\/\/www.monempresarial.com\/ca\/wp-json\/wp\/v2\/users\/155"}],"collection":[{"href":"https:\/\/www.monempresarial.com\/ca\/wp-json\/wp\/v2\/users"}]}}